{"provider_url": "https://www.barcarena.pa.leg.br", "title": "INAUGURA\u00c7\u00c3O HIST\u00d3RICA DO COMPLEXO COMERCIAL", "html": "<div class=\"xdj266r x11i5rnm xat24cr x1mh8g0r x1vvkbs x126k92a\">\r\n<div dir=\"auto\" style=\"text-align: justify; \">POPULA\u00c7\u00c3O COMEMORA INAUGURA\u00c7\u00c3O HIST\u00d3RICA DO COMPLEXO COMERCIAL DE BARCARENA E DA 1\u00aa FASE DA ORLA</div>\r\n</div>\r\n<div class=\"x11i5rnm xat24cr x1mh8g0r x1vvkbs xtlvy1s x126k92a\" style=\"text-align: justify; \">\r\n<div dir=\"auto\">Nesta quinta feita-feira (19), as fam\u00edlias de Barcarena se reuniram para festejar a inaugura\u00e7\u00e3o do grandioso Complexo Comercial de Barcarena, uma obra que impressiona a todos, al\u00e9m da 1\u00aa etapa da orla da cidade, tudo integrado.</div>\r\n</div>\r\n<div class=\"x11i5rnm xat24cr x1mh8g0r x1vvkbs xtlvy1s x126k92a\" style=\"text-align: justify; \">\r\n<div dir=\"auto\">O evento contou com a presen\u00e7a do governador Helder Barbalho, do prefeito Renato Ogawa, da vice prefeita Cristina Vila\u00e7a, do deputado estadual Lu Ogawa, do <span><a tabindex=\"-1\"></a></span>presidente da C\u00e2mara vereador Wandson Oliveira Kokinha, da vice presidente vereadora L\u00facia, al\u00e9m dos vereadores J\u00fanior Ogawa, J\u00fanior Cravo, Thiago Rodrigues, Wilson da Cedab, al\u00e9m das vereadoras Sinara Vila\u00e7a, S\u00f4nia Cardoso, Juliena Nobre e Rozilda Ribeiro.</div>\r\n</div>\r\n<div class=\"x11i5rnm xat24cr x1mh8g0r x1vvkbs xtlvy1s x126k92a\" style=\"text-align: justify; \">\r\n<div dir=\"auto\">O Complexo Comercial de Barcarena foi constru\u00eddo com recursos pr\u00f3prios, oriundos do tesouro municipal, e tem 368 boxes fixos para a comercializa\u00e7\u00e3o de variados produtos. A abertura do complexo marca o fim das antigas feiras de madeira e de estruturas inadequadas que ficavam na avenida Cronge da Silveira. \u00c9 um novo tempo para a popula\u00e7\u00e3o e para os permission\u00e1rios.</div>\r\n</div>\r\n<div class=\"x11i5rnm xat24cr x1mh8g0r x1vvkbs xtlvy1s x126k92a\" style=\"text-align: justify; \">\r\n<div dir=\"auto\">Tamb\u00e9m foi inaugurada a primeira parte da nova orla de Barcarena, que tem um trapiche com dois flutuantes. A orla ganhou um novo logradouro, a avenida Beira Rio, janela para o rio Mucuru\u00e7\u00e1.</div>\r\n</div>\r\n<div class=\"x11i5rnm xat24cr x1mh8g0r x1vvkbs xtlvy1s x126k92a\" style=\"text-align: justify; \">\r\n<div dir=\"auto\">Ao discursar o prefeito Renato agradeceu \u00e0 parceria do governador e ao poder legislativo, disse que ela \u00e9 fundamental para a transforma\u00e7\u00e3o que Barcarena est\u00e1 vivendo. O presidente da C\u00e2mara, em sua fala, parabenizou Renato e Cristina e aproveitou para pedir ao governador Helder o apoio necess\u00e1rio para a conclus\u00e3o da orla.</div>\r\n</div>\r\n<div class=\"x11i5rnm xat24cr x1mh8g0r x1vvkbs xtlvy1s x126k92a\" style=\"text-align: justify; \">\r\n<div dir=\"auto\">Helder se comprometeu em ajudar a prefeitura de Barcarena na constru\u00e7\u00e3o de mais uma etapa da orla. Antes, ele elogiou a gest\u00e3o de Barcarena pelo complexo comercial. \u201cParab\u00e9ns, Renato, pelo trabalho, por essa obra fant\u00e1stica\u201d, disse o governador.</div>\r\n</div>\r\n<div class=\"x11i5rnm xat24cr x1mh8g0r x1vvkbs xtlvy1s x126k92a\">\r\n<div dir=\"auto\" style=\"text-align: justify; \"><span><a class=\"x1i10hfl xjbqb8w x6umtig x1b1mbwd xaqea5y xav7gou x9f619 x1ypdohk xt0psk2 xe8uvvx xdj266r x11i5rnm xat24cr x1mh8g0r xexx8yu x4uap5 x18d9i69 xkhd6sd x16tdsg8 x1hl2dhg xggy1nq x1a2a7pz xt0b8zv x1qq9wsj xo1l8bm\" href=\"https://www.facebook.com/hashtag/c%C3%A2maradebarcarena?__eep__=6&amp;__cft__[0]=AZUKKtz-K4diMU4jMbYHXLnHfP9LuKkCTYWipORRjxBRLkqpWyL1o4ioNzKqJwRPKJt2IV60HFB4vwwtTEK4GS_8GPG7gUiPYPqOP3lfBwFHTNXHMDsej8wU_0ZJxQM50mPuWXAu0kIVVWzxIb-qReQOQpIlRYO7SFthd85lv4lD1bNjOMEds3CiL10q3pjdMfI&amp;__tn__=*NK-R\" tabindex=\"0\">#c\u00e2maradebarcarena</a></span> <span><a class=\"x1i10hfl xjbqb8w x6umtig x1b1mbwd xaqea5y xav7gou x9f619 x1ypdohk xt0psk2 xe8uvvx xdj266r x11i5rnm xat24cr x1mh8g0r xexx8yu x4uap5 x18d9i69 xkhd6sd x16tdsg8 x1hl2dhg xggy1nq x1a2a7pz xt0b8zv x1qq9wsj xo1l8bm\" href=\"https://www.facebook.com/hashtag/poderlegislativo?__eep__=6&amp;__cft__[0]=AZUKKtz-K4diMU4jMbYHXLnHfP9LuKkCTYWipORRjxBRLkqpWyL1o4ioNzKqJwRPKJt2IV60HFB4vwwtTEK4GS_8GPG7gUiPYPqOP3lfBwFHTNXHMDsej8wU_0ZJxQM50mPuWXAu0kIVVWzxIb-qReQOQpIlRYO7SFthd85lv4lD1bNjOMEds3CiL10q3pjdMfI&amp;__tn__=*NK-R\" tabindex=\"0\">#poderlegislativo</a></span> <span><a class=\"x1i10hfl xjbqb8w x6umtig x1b1mbwd xaqea5y xav7gou x9f619 x1ypdohk xt0psk2 xe8uvvx xdj266r x11i5rnm xat24cr x1mh8g0r xexx8yu x4uap5 x18d9i69 xkhd6sd x16tdsg8 x1hl2dhg xggy1nq x1a2a7pz xt0b8zv x1qq9wsj xo1l8bm\" href=\"https://www.facebook.com/hashtag/trabalho?__eep__=6&amp;__cft__[0]=AZUKKtz-K4diMU4jMbYHXLnHfP9LuKkCTYWipORRjxBRLkqpWyL1o4ioNzKqJwRPKJt2IV60HFB4vwwtTEK4GS_8GPG7gUiPYPqOP3lfBwFHTNXHMDsej8wU_0ZJxQM50mPuWXAu0kIVVWzxIb-qReQOQpIlRYO7SFthd85lv4lD1bNjOMEds3CiL10q3pjdMfI&amp;__tn__=*NK-R\" tabindex=\"0\">#trabalho</a></span> <span><a class=\"x1i10hfl xjbqb8w x6umtig x1b1mbwd xaqea5y xav7gou x9f619 x1ypdohk xt0psk2 xe8uvvx xdj266r x11i5rnm xat24cr x1mh8g0r xexx8yu x4uap5 x18d9i69 xkhd6sd x16tdsg8 x1hl2dhg xggy1nq x1a2a7pz xt0b8zv x1qq9wsj xo1l8bm\" href=\"https://www.facebook.com/hashtag/inaugurac%CC%A7a%CC%83o?__eep__=6&amp;__cft__[0]=AZUKKtz-K4diMU4jMbYHXLnHfP9LuKkCTYWipORRjxBRLkqpWyL1o4ioNzKqJwRPKJt2IV60HFB4vwwtTEK4GS_8GPG7gUiPYPqOP3lfBwFHTNXHMDsej8wU_0ZJxQM50mPuWXAu0kIVVWzxIb-qReQOQpIlRYO7SFthd85lv4lD1bNjOMEds3CiL10q3pjdMfI&amp;__tn__=*NK-R\" tabindex=\"0\">#inaugurac\u0327a\u0303o</a></span> <span><a class=\"x1i10hfl xjbqb8w x6umtig x1b1mbwd xaqea5y xav7gou x9f619 x1ypdohk xt0psk2 xe8uvvx xdj266r x11i5rnm xat24cr x1mh8g0r xexx8yu x4uap5 x18d9i69 xkhd6sd x16tdsg8 x1hl2dhg xggy1nq x1a2a7pz xt0b8zv x1qq9wsj xo1l8bm\" href=\"https://www.facebook.com/hashtag/complexocomercialdebarcarena?__eep__=6&amp;__cft__[0]=AZUKKtz-K4diMU4jMbYHXLnHfP9LuKkCTYWipORRjxBRLkqpWyL1o4ioNzKqJwRPKJt2IV60HFB4vwwtTEK4GS_8GPG7gUiPYPqOP3lfBwFHTNXHMDsej8wU_0ZJxQM50mPuWXAu0kIVVWzxIb-qReQOQpIlRYO7SFthd85lv4lD1bNjOMEds3CiL10q3pjdMfI&amp;__tn__=*NK-R\" tabindex=\"0\">#complexocomercialdebarcarena</a></span> <span><a class=\"x1i10hfl xjbqb8w x6umtig x1b1mbwd xaqea5y xav7gou x9f619 x1ypdohk xt0psk2 xe8uvvx xdj266r x11i5rnm xat24cr x1mh8g0r xexx8yu x4uap5 x18d9i69 xkhd6sd x16tdsg8 x1hl2dhg xggy1nq x1a2a7pz xt0b8zv x1qq9wsj xo1l8bm\" href=\"https://www.facebook.com/hashtag/novaorla?__eep__=6&amp;__cft__[0]=AZUKKtz-K4diMU4jMbYHXLnHfP9LuKkCTYWipORRjxBRLkqpWyL1o4ioNzKqJwRPKJt2IV60HFB4vwwtTEK4GS_8GPG7gUiPYPqOP3lfBwFHTNXHMDsej8wU_0ZJxQM50mPuWXAu0kIVVWzxIb-qReQOQpIlRYO7SFthd85lv4lD1bNjOMEds3CiL10q3pjdMfI&amp;__tn__=*NK-R\" tabindex=\"0\">#novaorla</a></span> <span><a class=\"x1i10hfl xjbqb8w x6umtig x1b1mbwd xaqea5y xav7gou x9f619 x1ypdohk xt0psk2 xe8uvvx xdj266r x11i5rnm xat24cr x1mh8g0r xexx8yu x4uap5 x18d9i69 xkhd6sd x16tdsg8 x1hl2dhg xggy1nq x1a2a7pz xt0b8zv x1qq9wsj xo1l8bm\" href=\"https://www.facebook.com/hashtag/aservic%CC%A7odopovo?__eep__=6&amp;__cft__[0]=AZUKKtz-K4diMU4jMbYHXLnHfP9LuKkCTYWipORRjxBRLkqpWyL1o4ioNzKqJwRPKJt2IV60HFB4vwwtTEK4GS_8GPG7gUiPYPqOP3lfBwFHTNXHMDsej8wU_0ZJxQM50mPuWXAu0kIVVWzxIb-qReQOQpIlRYO7SFthd85lv4lD1bNjOMEds3CiL10q3pjdMfI&amp;__tn__=*NK-R\" tabindex=\"0\">#aservic\u0327odopovo</a></span> <span><a class=\"x1i10hfl xjbqb8w x6umtig x1b1mbwd xaqea5y xav7gou x9f619 x1ypdohk xt0psk2 xe8uvvx xdj266r x11i5rnm xat24cr x1mh8g0r xexx8yu x4uap5 x18d9i69 xkhd6sd x16tdsg8 x1hl2dhg xggy1nq x1a2a7pz xt0b8zv x1qq9wsj xo1l8bm\" href=\"https://www.facebook.com/hashtag/barcarenapara%CC%81?__eep__=6&amp;__cft__[0]=AZUKKtz-K4diMU4jMbYHXLnHfP9LuKkCTYWipORRjxBRLkqpWyL1o4ioNzKqJwRPKJt2IV60HFB4vwwtTEK4GS_8GPG7gUiPYPqOP3lfBwFHTNXHMDsej8wU_0ZJxQM50mPuWXAu0kIVVWzxIb-qReQOQpIlRYO7SFthd85lv4lD1bNjOMEds3CiL10q3pjdMfI&amp;__tn__=*NK-R\" tabindex=\"0\">#barcarenapara\u0301</a></span></div>\r\n<div dir=\"auto\" style=\"text-align: justify; \"><span><img src=\"https://www.barcarena.pa.leg.br/imagens/copy30_of_02.jpg\" alt=\"\" class=\"image-inline\" title=\"\" /></span></div>\r\n<div dir=\"auto\" style=\"text-align: justify; \"><span><img src=\"https://www.barcarena.pa.leg.br/imagens/copy25_of_03.jpg\" alt=\"\" class=\"image-inline\" title=\"\" /></span></div>\r\n<div dir=\"auto\" style=\"text-align: justify; \"><span><img src=\"https://www.barcarena.pa.leg.br/imagens/copy25_of_04.jpg\" alt=\"\" class=\"image-inline\" title=\"\" /></span></div>\r\n<div dir=\"auto\" style=\"text-align: justify; \"><span><img src=\"https://www.barcarena.pa.leg.br/imagens/copy21_of_05.jpg\" alt=\"\" class=\"image-inline\" title=\"\" /></span></div>\r\n<div dir=\"auto\" style=\"text-align: justify; \"><span><img src=\"https://www.barcarena.pa.leg.br/imagens/copy22_of_06.jpg\" alt=\"\" class=\"image-inline\" title=\"\" /></span></div>\r\n<div dir=\"auto\" style=\"text-align: justify; \"><span><img src=\"https://www.barcarena.pa.leg.br/imagens/copy19_of_07.jpg\" alt=\"\" class=\"image-inline\" title=\"\" /></span></div>\r\n<div dir=\"auto\" style=\"text-align: justify; \"><span><img src=\"https://www.barcarena.pa.leg.br/imagens/copy14_of_10.jpg\" alt=\"\" class=\"image-inline\" title=\"\" /></span></div>\r\n<div dir=\"auto\" style=\"text-align: justify; \"><span><img src=\"https://www.barcarena.pa.leg.br/imagens/copy4_of_11.jpg\" alt=\"\" class=\"image-inline\" title=\"\" /></span></div>\r\n</div>", "author_name": "", "version": "1.0", "author_url": "https://www.barcarena.pa.leg.br/author/baa", "provider_name": "C\u00e2mara Municipal de Barcarena Par\u00e1", "type": "rich"}