{"provider_url": "https://www.barcarena.pa.leg.br", "title": "Parab\u00e9ns! Vereador Junior Cravo", "html": "<div class=\"xdj266r x11i5rnm xat24cr x1mh8g0r x1vvkbs x126k92a\">\r\n<div dir=\"auto\" style=\"text-align: justify; \">Neste dia 27/10, parabenizamos o vereador Junior Cravo, pela passagem do seu anivers\u00e1rio!</div>\r\n</div>\r\n<div class=\"x11i5rnm xat24cr x1mh8g0r x1vvkbs xtlvy1s x126k92a\" style=\"text-align: justify; \">\r\n<div dir=\"auto\">Sa\u00fade, prosperidade e muita coragem para que possa continuar dedicando sua vida \u00e0 servi\u00e7o da popula\u00e7\u00e3o barcarenense.</div>\r\n</div>\r\n<div class=\"x11i5rnm xat24cr x1mh8g0r x1vvkbs xtlvy1s x126k92a\">\r\n<div dir=\"auto\" style=\"text-align: justify; \"><span><a class=\"x1i10hfl xjbqb8w x6umtig x1b1mbwd xaqea5y xav7gou x9f619 x1ypdohk xt0psk2 xe8uvvx xdj266r x11i5rnm xat24cr x1mh8g0r xexx8yu x4uap5 x18d9i69 xkhd6sd x16tdsg8 x1hl2dhg xggy1nq x1a2a7pz xt0b8zv x1qq9wsj xo1l8bm\" href=\"https://www.facebook.com/hashtag/c%C3%A2maradebarcarena?__eep__=6&amp;__cft__[0]=AZUtwoH3MKcrnYCClGe62JKElia2G6xFrYyKrw6sFx0ZT9CYFlFsnGqW2HmQxcoBHunJejijBspCNLwU7r8AW8S9m-icO1SfrUQoreoxyNNYJHrtMdg9IUbNV1An5hlx1CjIJlbjrf_Nu62fnYuIbDOvbsj6Uw_M5KMuR0El76U6U9I2Pi_gq4XiqneHY-EwCmE&amp;__tn__=*NK-R\" tabindex=\"0\">#c\u00e2maradebarcarena</a></span> <span><a class=\"x1i10hfl xjbqb8w x6umtig x1b1mbwd xaqea5y xav7gou x9f619 x1ypdohk xt0psk2 xe8uvvx xdj266r x11i5rnm xat24cr x1mh8g0r xexx8yu x4uap5 x18d9i69 xkhd6sd x16tdsg8 x1hl2dhg xggy1nq x1a2a7pz xt0b8zv x1qq9wsj xo1l8bm\" href=\"https://www.facebook.com/hashtag/poderlegislativo?__eep__=6&amp;__cft__[0]=AZUtwoH3MKcrnYCClGe62JKElia2G6xFrYyKrw6sFx0ZT9CYFlFsnGqW2HmQxcoBHunJejijBspCNLwU7r8AW8S9m-icO1SfrUQoreoxyNNYJHrtMdg9IUbNV1An5hlx1CjIJlbjrf_Nu62fnYuIbDOvbsj6Uw_M5KMuR0El76U6U9I2Pi_gq4XiqneHY-EwCmE&amp;__tn__=*NK-R\" tabindex=\"0\">#poderlegislativo</a></span> <span><a class=\"x1i10hfl xjbqb8w x6umtig x1b1mbwd xaqea5y xav7gou x9f619 x1ypdohk xt0psk2 xe8uvvx xdj266r x11i5rnm xat24cr x1mh8g0r xexx8yu x4uap5 x18d9i69 xkhd6sd x16tdsg8 x1hl2dhg xggy1nq x1a2a7pz xt0b8zv x1qq9wsj xo1l8bm\" href=\"https://www.facebook.com/hashtag/felizanivers%C3%A1rio?__eep__=6&amp;__cft__[0]=AZUtwoH3MKcrnYCClGe62JKElia2G6xFrYyKrw6sFx0ZT9CYFlFsnGqW2HmQxcoBHunJejijBspCNLwU7r8AW8S9m-icO1SfrUQoreoxyNNYJHrtMdg9IUbNV1An5hlx1CjIJlbjrf_Nu62fnYuIbDOvbsj6Uw_M5KMuR0El76U6U9I2Pi_gq4XiqneHY-EwCmE&amp;__tn__=*NK-R\" tabindex=\"0\">#felizanivers\u00e1rio</a></span></div>\r\n<div dir=\"auto\" style=\"text-align: justify; \"><span><img src=\"https://www.barcarena.pa.leg.br/imagens/copy31_of_01.jpg\" alt=\"\" class=\"image-inline\" title=\"\" /></span></div>\r\n</div>", "author_name": "", "version": "1.0", "author_url": "https://www.barcarena.pa.leg.br/author/baa", "provider_name": "C\u00e2mara Municipal de Barcarena Par\u00e1", "type": "rich"}