{"provider_url": "https://www.barcarena.pa.leg.br", "title": "TRANSPAR\u00caNCIA", "html": "<h2 style=\"text-align: center; \">TRANSPAR\u00caNCIA PASSIVA</h2>\r\n<p class=\" \" id=\"parent-fieldname-title\" style=\"text-align: center; \">ACESSIBILIDADE DE CONTE\u00daDO</p>\r\n<table class=\"invisible\">\r\n<tbody>\r\n<tr><th><a title=\"\" href=\"https://www.barcarena.pa.leg.br/accessibility-info\" class=\"external-link\" target=\"_self\"><img src=\"https://www.barcarena.pa.leg.br/imagens/AUMENTARTEXTO.jpg\" alt=\"\" class=\"image-inline\" title=\"\" /></a></th><th></th><th></th></tr>\r\n</tbody>\r\n</table>\r\n<h2 style=\"text-align: center; \">PORTAL DA TRANSPAR\u00caNCIA</h2>\r\n<p class=\" \" id=\"parent-fieldname-title\" style=\"text-align: center; \">Art 2\u00ba, \u00a71.\u00ba DO PORTAL DA TRANSPAR\u00caNCIA</p>\r\n<table class=\"invisible\">\r\n<tbody>\r\n<tr><th style=\"text-align: center; \"><a title=\"\" href=\"https://www.barcarena.pa.leg.br/transparencia/art-2o-ss1-o-do-portal-da-transparencia-1/estrutura-organizacional\" class=\"internal-link\" target=\"_self\"><img src=\"https://www.barcarena.pa.leg.br/imagens/estrutura.jpg\" alt=\"\" class=\"image-inline\" title=\"\" /></a></th><th><a title=\"\" href=\"https://www.barcarena.pa.leg.br/transparencia/art-2o-ss1-o-do-portal-da-transparencia-1/estrutura-organizacional\" class=\"internal-link\" target=\"_self\"><img src=\"https://www.barcarena.pa.leg.br/imagens/copy_of_horario.jpg\" alt=\"\" class=\"image-inline\" title=\"\" /></a></th><th><a class=\"external-link\" href=\"https://docxpert.com.br/sistema/gedcarta/anexos/cmbarc/camaramunicipaldebarcarena/camaramunicipaldebarcarena_20250407212045.pdf\" target=\"_self\" title=\"\"><img src=\"https://www.barcarena.pa.leg.br/imagens/carta.jpg\" alt=\"\" class=\"image-inline\" title=\"\" /></a></th></tr>\r\n<tr>\r\n<td><a title=\"\" href=\"https://www.barcarena.pa.leg.br/transparencia/art-3o-ss2o-i-agenda-externa-do-presidente-da-camara-1/agenda-externa-do-presidente\" class=\"internal-link\" target=\"_self\"><img src=\"https://www.barcarena.pa.leg.br/imagens/agenda.jpg\" alt=\"\" class=\"image-inline\" title=\"\" /></a></td>\r\n<td style=\"text-align: center; \"><a title=\"\" href=\"https://www.barcarena.pa.leg.br/ORGANOGRAMA_PROPOSTA012017.pdf\" class=\"external-link\" target=\"_blank\"><img src=\"https://www.barcarena.pa.leg.br/imagens/organograma.jpg\" alt=\"\" class=\"image-inline\" title=\"\" /></a></td>\r\n<td><a title=\"\" href=\"https://www.barcarena.pa.leg.br/processo-legislativo/mesa-diretora-1\" class=\"internal-link\" target=\"_self\"><img src=\"https://www.barcarena.pa.leg.br/imagens/MESADIRETORA.jpg\" alt=\"\" class=\"image-inline\" title=\"\" /></a></td>\r\n</tr>\r\n<tr>\r\n<td style=\"text-align: center; \"><a title=\"\" href=\"https://www.barcarena.pa.leg.br/processo-legislativo/comissoes\" class=\"internal-link\" target=\"_self\"><img src=\"https://www.barcarena.pa.leg.br/imagens/COMISSES.jpg\" alt=\"\" class=\"image-inline\" title=\"\" /></a></td>\r\n<td style=\"text-align: center; \"><a title=\"\" href=\"https://www.barcarena.pa.leg.br/processo-legislativo/parlamentares\" class=\"internal-link\" target=\"_self\"><img src=\"https://www.barcarena.pa.leg.br/imagens/VEREADORES.jpg\" alt=\"\" class=\"image-inline\" title=\"\" /></a></td>\r\n<td><a title=\"\" href=\"https://www.barcarena.pa.leg.br/institucional/regimento-interno\" class=\"internal-link\" target=\"_self\"><img src=\"https://www.barcarena.pa.leg.br/imagens/REGIMENTOINTERNO.jpg\" alt=\"\" class=\"image-inline\" title=\"\" /></a></td>\r\n</tr>\r\n</tbody>\r\n</table>\r\n<h2 style=\"padding-left: 30px; text-align: center; \"><strong>LEI DE RESPONSABILIDADE FISCAL</strong></h2>\r\n<p class=\" \" style=\"text-align: center; \">Art 2\u00ba, \u00a72\u00ba, INSTRUMENTOS DE PLANEJAMENTO E GEST\u00c3O FISCAL</p>\r\n<table class=\"invisible\">\r\n<tbody>\r\n<tr><th><a title=\"\" href=\"https://www.barcarena.pa.leg.br/transparencia/art-2o-ss2o-instrumentos-de-planejamento-e-gestao-fiscal/ldo-lei-de-diretrizes-orcamentarias\" class=\"internal-link\" target=\"_self\"><img src=\"https://www.barcarena.pa.leg.br/imagens/LDO.jpg\" alt=\"\" class=\"image-inline\" title=\"\" /></a></th><th><a title=\"\" href=\"https://www.barcarena.pa.leg.br/transparencia/art-2o-ss2o-instrumentos-de-planejamento-e-gestao-fiscal/loa\" class=\"internal-link\" target=\"_self\"><img src=\"https://www.barcarena.pa.leg.br/imagens/LOA.jpg\" alt=\"\" class=\"image-inline\" title=\"\" /></a></th><th><a title=\"\" href=\"https://www.barcarena.pa.leg.br/transparencia/art-2o-ss2o-instrumentos-de-planejamento-e-gestao-fiscal/ppa\" class=\"internal-link\" target=\"_self\"><img src=\"https://www.barcarena.pa.leg.br/imagens/PPA.jpg\" alt=\"\" class=\"image-inline\" title=\"\" /></a></th></tr>\r\n<tr>\r\n<td><a title=\"\" href=\"https://www.barcarena.pa.leg.br/transparencia/art-2o-ss2o-instrumentos-de-planejamento-e-gestao-fiscal/rgf-relatorio-de-gestao-fiscal\" class=\"internal-link\" target=\"_self\"><img src=\"https://www.barcarena.pa.leg.br/imagens/RGF.jpg\" alt=\"\" class=\"image-inline\" title=\"\" /></a></td>\r\n<td></td>\r\n<td></td>\r\n</tr>\r\n</tbody>\r\n</table>\r\n<h2 class=\" \" style=\"text-align: center; \">\u00a0<strong>RECEITAS, DESPESAS, CONV\u00caNIOS, FOLHAS, LICITA\u00c7\u00d5ES E CONTRATOS</strong></h2>\r\n<p class=\" \" style=\"text-align: center; \">Art 2\u00ba, \u00a73.\u00ba RECEITAS E DESPESAS</p>\r\n<table class=\"invisible\">\r\n<tbody>\r\n<tr><th><a title=\"\" href=\"https://www.barcarena.pa.leg.br/transparencia/art-2o-ss3-o-receitas-e-despesas/receitas-publicas\" class=\"internal-link\" target=\"_self\"><img src=\"https://www.barcarena.pa.leg.br/imagens/copy2_of_RECEITAS.jpg\" alt=\"\" class=\"image-inline\" title=\"\" /></a></th><th><a title=\"\" href=\"https://www.barcarena.pa.leg.br/transparencia/art-2o-ss3-o-receitas-e-despesas/ii-despesas-publicas\" class=\"internal-link\" target=\"_self\"><img src=\"https://www.barcarena.pa.leg.br/imagens/copy_of_DESPESAS.jpg\" alt=\"\" class=\"image-inline\" title=\"\" /></a></th><th><a title=\"\" href=\"https://www.barcarena.pa.leg.br/transparencia/art-2o-ss3-o-receitas-e-despesas/iii-2013-processo-licitatorio\" class=\"internal-link\" target=\"_self\"><img src=\"https://www.barcarena.pa.leg.br/imagens/LICITAES.jpg\" alt=\"\" class=\"image-inline\" title=\"\" /></a></th></tr>\r\n<tr>\r\n<td style=\"text-align: center; \"><a title=\"\" href=\"https://www.barcarena.pa.leg.br/transparencia/art-2o-ss3-o-receitas-e-despesas/iii-balancete-financeiro\" class=\"internal-link\" target=\"_self\"><img src=\"https://www.barcarena.pa.leg.br/imagens/BALANO.jpg\" alt=\"\" class=\"image-inline\" title=\"\" /></a></td>\r\n<td style=\"text-align: center; \"><a title=\"\" href=\"https://www.barcarena.pa.leg.br/transparencia/art-2o-ss3-o-receitas-e-despesas/v-2013-despesas-com-pessoal-folhas-de-pagamento/a-lista-nominal-de-servidores\" class=\"internal-link\" target=\"_self\"><img src=\"https://www.barcarena.pa.leg.br/imagens/CARGOS.jpg\" alt=\"\" class=\"image-inline\" title=\"\" /></a></td>\r\n<td style=\"text-align: center; \"><a title=\"\" href=\"https://www.barcarena.pa.leg.br/transparencia/art-2o-ss3-o-receitas-e-despesas/iv-2013-convenios-e-termos-de-cooperacao\" class=\"internal-link\" target=\"_self\"><img src=\"https://www.barcarena.pa.leg.br/imagens/copy_of_CONVENIOS.jpg\" alt=\"\" class=\"image-inline\" title=\"\" /></a></td>\r\n</tr>\r\n<tr>\r\n<td><a title=\"\" href=\"https://www.barcarena.pa.leg.br/transparencia/art-2o-ss3-o-receitas-e-despesas/vi-2013-despesas-com-diarias\" class=\"internal-link\" target=\"_self\"><img src=\"https://www.barcarena.pa.leg.br/imagens/DIRIAS.jpg\" alt=\"\" class=\"image-inline\" title=\"\" /></a></td>\r\n<td style=\"text-align: center; \"><a title=\"\" href=\"https://www.barcarena.pa.leg.br/transparencia/art-2o-ss3-o-receitas-e-despesas/v-2013-despesas-com-pessoal-folhas-de-pagamento\" class=\"internal-link\" target=\"_self\"><img src=\"https://www.barcarena.pa.leg.br/imagens/FOLHA.jpg\" alt=\"\" class=\"image-inline\" title=\"\" /></a></td>\r\n<td></td>\r\n</tr>\r\n</tbody>\r\n</table>\r\n<h2 style=\"text-align: center; \"><strong>OUVIDORIA - ESIC</strong></h2>\r\n<p class=\" \" style=\"text-align: center; \">Art 2\u00ba, \u00a74.\u00ba ATENDIMENTO AO CIDAD\u00c3O</p>\r\n<table class=\"invisible\">\r\n<tbody>\r\n<tr><th><a title=\"\" href=\"https://www.barcarena.pa.leg.br/transparencia/art-2o-ss4-o-atendimento-ao-cidadao/ii-2013-atendimento-direto-caput-sic-fisico\" class=\"internal-link\" target=\"_self\"><img src=\"https://www.barcarena.pa.leg.br/imagens/ESIC.jpg\" alt=\"\" class=\"image-inline\" title=\"\" /></a></th><th><a title=\"\" href=\"https://www.barcarena.pa.leg.br/transparencia/art-2o-ss4-o-atendimento-ao-cidadao/ii-2013-atendimento-direto-caput-sic-fisico/c-fale-conosco-outras-demandas\" class=\"external-link\" target=\"_self\"><img src=\"https://www.barcarena.pa.leg.br/imagens/FALECONOSCO.jpg\" alt=\"\" class=\"image-inline\" title=\"\" /></a></th><th><a title=\"\" href=\"https://www.barcarena.pa.leg.br/ouvidoria\" class=\"external-link\" target=\"_self\"><img src=\"https://www.barcarena.pa.leg.br/imagens/OUVIDORIA.jpg\" alt=\"\" class=\"image-inline\" title=\"\" /></a></th></tr>\r\n<tr>\r\n<td style=\"text-align: center; \"><a title=\"\" href=\"https://www.barcarena.pa.leg.br/transparencia/art-2o-ss4-o-atendimento-ao-cidadao/i-2013-perguntas-e-respostas\" class=\"internal-link\" target=\"_self\"><img src=\"https://www.barcarena.pa.leg.br/imagens/PERGUNTAS.jpg\" alt=\"\" class=\"image-inline\" title=\"\" /></a></td>\r\n<td></td>\r\n<td></td>\r\n</tr>\r\n</tbody>\r\n</table>\r\n<h2 style=\"text-align: center; \">\u00a0<strong style=\"text-align: center; \">PUBLICA\u00c7\u00d5ES</strong></h2>\r\n<p class=\" \" id=\"parent-fieldname-title\" style=\"text-align: center; \">Art 2\u00ba, \u00a75.\u00ba ATOS E NORMATIVOS LEGAIS</p>\r\n<table class=\"invisible\">\r\n<tbody>\r\n<tr><th><a title=\"\" href=\"https://www.barcarena.pa.leg.br/transparencia/art-2o-ss5-o-atos-e-normativos-legais/atas-das-sessoes\" class=\"internal-link\" target=\"_self\"><img src=\"https://www.barcarena.pa.leg.br/imagens/ATAS.jpg\" alt=\"\" class=\"image-inline\" title=\"\" /></a></th><th><a title=\"\" href=\"https://www.barcarena.pa.leg.br/transparencia/art-2o-ss5-o-atos-e-normativos-legais/pauta-das-sessoes-plenarias\" class=\"internal-link\" target=\"_self\"><img src=\"https://www.barcarena.pa.leg.br/imagens/PAUTAS.jpg\" alt=\"\" class=\"image-inline\" title=\"\" /></a></th><th><a title=\"\" href=\"https://www.barcarena.pa.leg.br/transparencia/art-2o-ss5-o-atos-e-normativos-legais/decreto-legislativo-e-resolucao-vigentes\" class=\"internal-link\" target=\"_self\"><img src=\"https://www.barcarena.pa.leg.br/imagens/DECRETOS.jpg\" alt=\"\" class=\"image-inline\" title=\"\" /></a></th></tr>\r\n<tr>\r\n<td><a title=\"\" href=\"https://www.barcarena.pa.leg.br/transparencia/art-2o-ss5-o-atos-e-normativos-legais/julgamento-das-contas-de-governo\" class=\"internal-link\" target=\"_self\"><img src=\"https://www.barcarena.pa.leg.br/imagens/JULGAMENTO.jpg\" alt=\"\" class=\"image-inline\" title=\"\" /></a></td>\r\n<td><a title=\"\" href=\"https://www.barcarena.pa.leg.br/transparencia/art-2o-ss5-o-atos-e-normativos-legais/regulamentacao-da-lai\" class=\"internal-link\" target=\"_self\"><img src=\"https://www.barcarena.pa.leg.br/imagens/LAI.jpg\" alt=\"\" class=\"image-inline\" title=\"\" /></a></td>\r\n<td><a title=\"\" href=\"https://www.barcarena.pa.leg.br/transparencia/art-2o-ss5-o-atos-e-normativos-legais/legislacao-de-pessoal\" class=\"internal-link\" target=\"_self\"><img src=\"https://www.barcarena.pa.leg.br/imagens/LEGISLAOPESSOAL.jpg\" alt=\"\" class=\"image-inline\" title=\"\" /></a></td>\r\n</tr>\r\n<tr>\r\n<td style=\"text-align: center; \"><a title=\"\" href=\"https://www.barcarena.pa.leg.br/transparencia/art-2o-ss5-o-atos-e-normativos-legais/lei-organica-municipal\" class=\"internal-link\" target=\"_self\"><img src=\"https://www.barcarena.pa.leg.br/imagens/LEI.jpg\" alt=\"\" class=\"image-inline\" title=\"\" /></a></td>\r\n<td style=\"text-align: center; \"><a title=\"\" href=\"https://www.barcarena.pa.leg.br/transparencia/art-2o-ss5-o-atos-e-normativos-legais/normativo-sobre-diarias\" class=\"internal-link\" target=\"_self\"><img src=\"https://www.barcarena.pa.leg.br/imagens/NORMATIVODIARIAS.jpg\" alt=\"\" class=\"image-inline\" title=\"\" /></a></td>\r\n<td style=\"text-align: center; \"><a title=\"\" href=\"https://www.barcarena.pa.leg.br/transparencia/art-2o-ss5-o-atos-e-normativos-legais/termo-de-posse-do-executivo\" class=\"internal-link\" target=\"_self\"><img src=\"https://www.barcarena.pa.leg.br/imagens/TERMODEPOSSE.jpg\" alt=\"\" class=\"image-inline\" title=\"\" /></a></td>\r\n</tr>\r\n</tbody>\r\n</table>\r\n<h2 style=\"text-align: center; \"><strong>RELAT\u00d3RIO DO CONTROLE INTERNO</strong></h2>\r\n<p class=\" \" style=\"text-align: center; \"><span>Art 3\u00ba, \u00a74.\u00ba I \u2013 RELAT\u00d3RIO ANUAL DO CONTROLE INTERNO</span></p>\r\n<table class=\"invisible\">\r\n<tbody>\r\n<tr><th><a title=\"\" href=\"https://www.barcarena.pa.leg.br/transparencia/art-3o-ss4-o-i-2013-relatorio-anual-do-controle-interno/relatorio-anual-do-controle-interno\" class=\"internal-link\" target=\"_self\"><img src=\"https://www.barcarena.pa.leg.br/imagens/CONTROLEINTERNO.jpg\" alt=\"\" class=\"image-inline\" title=\"\" /></a></th><th></th><th></th></tr>\r\n</tbody>\r\n</table>\r\n<h2 class=\"documentFirstHeading\" id=\"parent-fieldname-title\" style=\"text-align: center; \">CONTROLE DOS BENS P\u00daBLICOS</h2>\r\n<p class=\" \" id=\"parent-fieldname-title\" style=\"text-align: center; \">Art 3\u00ba, \u00a73.\u00ba DO CONTROLE DOS BENS P\u00daBLICOS</p>\r\n<table class=\"invisible\">\r\n<tbody>\r\n<tr><th><a title=\"\" href=\"https://www.barcarena.pa.leg.br/transparencia/art-3o-ss3-o-do-controle-dos-bens-publicos/controle-dos-bens-publicos\" class=\"internal-link\" target=\"_self\"><img src=\"https://www.barcarena.pa.leg.br/imagens/BENSP.jpg\" alt=\"\" class=\"image-inline\" title=\"\" /></a></th><th></th><th></th></tr>\r\n</tbody>\r\n</table>\r\n<h2 style=\"text-align: center; \"><strong>PROJETOS EM TRAMITA\u00c7\u00c3O</strong></h2>\r\n<p class=\" \" id=\"parent-fieldname-title\" style=\"text-align: center; \">Art 3\u00ba, \u00a74.\u00ba I I \u2013 DISPONIBILIZA\u00c7\u00c3O DOS PROJETOS DE LEI EM TRAMITA\u00c7\u00c3O</p>\r\n<table class=\"invisible\">\r\n<tbody>\r\n<tr><th><a title=\"\" href=\"https://www.barcarena.pa.leg.br/transparencia/art-3o-ss4-o-i-i-2013-disponibilizacao-dos-projetos-de-lei-em-tramitacao/projetos-de-lei-em-tramitacao\" class=\"internal-link\" target=\"_self\"><img src=\"https://www.barcarena.pa.leg.br/imagens/LEISEMTRAMITAO.jpg\" alt=\"\" class=\"image-inline\" title=\"\" /></a></th><th></th><th></th></tr>\r\n</tbody>\r\n</table>\r\n<h2 style=\"text-align: center; \">Art 3\u00ba, \u00a75.\u00ba \u2013 ACOMPANHAMENTO DOS PROGRAMAS E A\u00c7\u00d5ES DO LEGISLATIVO MUNICIPAL<strong>PROGRAMAS E A\u00c7\u00d5ES DO LEGISLATIVO</strong></h2>\r\n<p style=\"text-align: center; \"><strong><br /></strong></p>\r\n<table class=\"invisible\">\r\n<tbody>\r\n<tr><th style=\"text-align: center; \"><a title=\"\" href=\"https://www.barcarena.pa.leg.br/transparencia/art-3o-ss5-o-2013-acompanhamento-dos-programas-e-acoes-do-legislativo-municipal/programas-e-acoes-do-legislativo-municipal\" class=\"internal-link\" target=\"_self\"><img src=\"https://www.barcarena.pa.leg.br/imagens/PROGR.jpg\" alt=\"\" class=\"image-inline\" title=\"\" /></a></th><th style=\"text-align: center; \"></th><th style=\"text-align: center; \"></th></tr>\r\n</tbody>\r\n</table>", "author_name": "", "version": "1.0", "author_url": "https://www.barcarena.pa.leg.br/author/baa", "provider_name": "C\u00e2mara Municipal de Barcarena Par\u00e1", "type": "rich"}